{"id":6735,"uuid":"380dd2ec-d486-4344-87a0-4d9e6326008d","name":"A VONAL Palma de Mallorca","slug":"a-vonal-palma-de-mallorca","urls_per_locale":{"cs":"https:\/\/www.68travel.cz\/produkt\/the-line-palma-de-mallorca","de":"https:\/\/www.68travel.de\/produkt\/die-linie-palma-de-mallorca","en":"https:\/\/www.68travel.com\/product\/the-line-palma-de-mallorca","es":"https:\/\/www.68travel.es\/producto\/la-linea-palma-de-mallorca","fr":"https:\/\/www.68travel.fr\/produit\/the-line-palma-de-mallorque","it":"https:\/\/www.68travel.it\/prodotto\/the-line-palma-di-maiorca","sk":"https:\/\/www.68travel.sk\/produkt\/the-line-palma-de-mallorca","pl":"https:\/\/www.68travel.pl\/produkt\/the-line-palma-de-mallorca","pt":"https:\/\/www.68travel.pt\/produto\/a-linha-palma-de-maiorca","ro":"https:\/\/www.68travel.ro\/produs\/the-line-palma-de-mallorca","hu":"https:\/\/www.68travel.hu\/termek\/a-vonal-palma-de-mallorca","nl":"https:\/\/www.68travel.nl\/product\/the-line-palma-de-mallorca","et":"https:\/\/www.68travel.ee\/toode\/the-line-palma-de-mallorca","da":"https:\/\/www.68travel.dk\/produkt\/the-line-palma-de-mallorca","fi":"https:\/\/www.68travel.fi\/tuote\/the-line-palma-de-mallorca","bg":"https:\/\/www.68travel.bg\/produkt\/the-line-palma-de-maiorka","hr":"https:\/\/www.68travel.hr\/proizvod\/the-line-palma-de-mallorca","sl":"https:\/\/www.68travel.si\/izdelek\/the-line-palma-de-mallorca","sv":"https:\/\/www.68travel.se\/produkt\/the-line-palma-de-mallorca","nb":"https:\/\/www.68travel.no\/produkt\/the-line-palma-de-mallorca","ja":"https:\/\/www.68travel.jp\/","el":"https:\/\/www.68travel.gr\/proion\/h-grammh-palma-nte-maghiorka"},"perex":"A Palma de Mallorca ikonikus sziluettje ac\u00e9lb\u00f3l, amely azonnal tiszta v\u00e1rosi jelleget k\u00f6lcs\u00f6n\u00f6z a falnak.","description":"<h3>TULAJDONS\u00c1GOK<\/h3>\n\n<p>\ud83d\udccf 1,5 mm vastag ac\u00e9lvonal<\/p>\n\n<p>\ud83d\udd29 Falra r\u00f6gz\u00edt\u00e9s 3 sz\u00f6ggel<\/p>\n\n<p>\ud83c\udfe0 Belt\u00e9ri \u00e9s k\u00fclt\u00e9ri haszn\u00e1latra egyar\u00e1nt alkalmas<\/p>\n\n<hr \/>\n<h3>TELEP\u00cdT\u00c9S<\/h3>\n\n<p>\ud83d\udc4d Nagyon egyszer\u0171 \u00f6sszeszerel\u00e9s<\/p>\n\n<p>\ud83d\udd28 Kezdje a k\u00f6z\u00e9ppont r\u00f6gz\u00edt\u00e9s\u00e9vel, majd egyszer\u0171en igaz\u00edtsa v\u00edzszintesre<\/p>\n\n<hr \/>\n<h3>FIGYELMEZTET\u00c9S<\/h3>\n\n<p>\ud83d\udeab Nem alkalmas t\u00e9glafalakhoz vagy betonfalakhoz<\/p>\n\n<p>&nbsp;<\/p>\n\n<p>A THE LINE minim\u00e1lis ac\u00e9lvonalat k\u00edn\u00e1l, amely h\u0171en \u00e1br\u00e1zolja a v\u00e1lasztott v\u00e1ros panor\u00e1m\u00e1j\u00e1t, mint st\u00edlusos fali dekor\u00e1ci\u00f3t. A v\u00e9kony f\u00e9m profil eleg\u00e1ns \u201erajzos\u201d hat\u00e1st kelt, \u00e9s tiszta, id\u0151tlen megjelen\u00e9st biztos\u00edt belt\u00e9rben \u00e9s k\u00fclt\u00e9rben egyar\u00e1nt. Az \u00f6sszeszerel\u00e9se egyszer\u0171: el\u0151sz\u00f6r r\u00f6gz\u00edtse a k\u00f6z\u00e9ppontot, majd finoman igaz\u00edtsa v\u00edzszintesre. A dekor\u00e1ci\u00f3 \u00fagy van kialak\u00edtva, hogy \u00f6n\u00e1ll\u00f3an is kit\u0171nj\u00f6n egy asztal f\u00f6l\u00f6tt, a nappaliban, az irod\u00e1ban vagy a folyos\u00f3n \u2013 \u00e9s k\u00f6nnyen kombin\u00e1lhat\u00f3 m\u00e1s v\u00e1rosokkal is, hogy sorozatot alkosson. Franciaorsz\u00e1gban k\u00e9sz\u00fclt, nagy hangs\u00falyt fektetve a prec\u00edz kivitelez\u00e9sre \u00e9s a tart\u00f3s anyagra.<\/p>","seo_title":"THE LINE panor\u00e1ma Palma de Mallorca \u2013 50 cm-es ac\u00e9l fali dekor\u00e1ci\u00f3 (fekete)","seo_description":"Minimalista ac\u00e9l dekor\u00e1ci\u00f3 THE LINE Palma de Mallorca panor\u00e1m\u00e1j\u00e1val. Fekete sziluett, 50 cm hossz\u00fa, bel- \u00e9s k\u00fclt\u00e9rre egyar\u00e1nt alkalmas, egyszer\u0171en r\u00f6gz\u00edthet\u0151 3 sz\u00f6ggel. Franciaorsz\u00e1gban k\u00e9sz\u00fclt.","image_url":"https:\/\/storage-68travel.fra1.cdn.digitaloceanspaces.com\/images\/product-photos\/The%20Line\/square-image%20-%202026-04-22T102327_789.jpg","detail_image_url":"https:\/\/storage-68travel.fra1.cdn.digitaloceanspaces.com\/images\/product-photos\/The%20Line\/square-image%20-%202026-04-22T102327_789.jpg","category":{"uuid":"3ac3ebaa-3349-4cd3-a047-b66a8c5c6c58","name":"V\u00e1rosi panor\u00e1m\u00e1k","slug":"varosi-panoramak"},"brand":{"uuid":"75c81d7a-4100-4a71-997f-743787abdab9","name":"The Line","slug":"the-line"},"currency":"HUF","retail_price":12000,"retail_price_discounted":12000,"sku":null,"url":"https:\/\/www.68travel.hu\/termek\/a-vonal-palma-de-mallorca","variations":[{"uuid":"3c9ce4f2-83d8-4fdc-b86b-726715adfadb","sku":"11226","name":"Fekete 50 cm","retail_price":12000,"currency":"HUF"}]}