{"id":883,"uuid":"dd984b01-124c-47db-b7d3-a25902990822","name":"Ferrino Sierra Alfa h\u00e1tizs\u00e1k","slug":"ferrino-sierra-alfa-hatizsak","urls_per_locale":{"cs":"https:\/\/www.68travel.cz\/produkt\/ferrino-sierra-alfa-batoh","de":"https:\/\/www.68travel.de\/produkt\/ferrino-sierra-alfa-rucksack","en":"https:\/\/www.68travel.com\/product\/ferrino-sierra-alfa-backpack","es":"https:\/\/www.68travel.es\/producto\/ferrino-sierra-alfa-mochila","fr":"https:\/\/www.68travel.fr\/produit\/ferrino-sierra-alfa-sac-a-dos","it":"https:\/\/www.68travel.it\/prodotto\/ferrino-sierra-alfa-zaino","sk":"https:\/\/www.68travel.sk\/produkt\/ferrino-sierra-alfa-batoh","pl":"https:\/\/www.68travel.pl\/produkt\/plecak-ferrino-sierra-alfa","pt":"https:\/\/www.68travel.pt\/produto\/mochila-ferrino-sierra-alfa","ro":"https:\/\/www.68travel.ro\/produs\/rucsac-ferrino-sierra-alfa","hu":"https:\/\/www.68travel.hu\/termek\/ferrino-sierra-alfa-hatizsak","nl":"https:\/\/www.68travel.nl\/product\/ferrino-sierra-alfa-rugzak","et":"https:\/\/www.68travel.ee\/toode\/ferrino-sierra-alfa-seljakott","da":"https:\/\/www.68travel.dk\/produkt\/ferrino-sierra-alfa-rygsaek","fi":"https:\/\/www.68travel.fi\/tuote\/ferrino-sierra-alfa-reppu","bg":"https:\/\/www.68travel.bg\/produkt\/ranica-ferrino-sierra-alfa","hr":"https:\/\/www.68travel.hr\/proizvod\/ferrino-sierra-alfa-ruksak","sl":"https:\/\/www.68travel.si\/izdelek\/ferrino-sierra-alfa-nahrbtnik","sv":"https:\/\/www.68travel.se\/produkt\/ferrino-sierra-alfa-ryggsack","nb":"https:\/\/www.68travel.no\/produkt\/ferrino-sierra-alfa-ryggsekk","ja":"https:\/\/www.68travel.jp\/product\/ferrino-sierra-alfa-backpack","el":"https:\/\/www.68travel.gr\/proion\/sakidio-platis-ferrino-sierra-alfa"},"perex":"Olyan h\u00e1tizs\u00e1k, amelyet \u00fagy terveztek, hogy megfeleljen a seg\u00edts\u00e9gny\u00fajt\u00e1s \u00e9s ment\u00e9s m\u0171k\u00f6d\u00e9si \u00e9s hordoz\u00e1si k\u00f6vetelm\u00e9nyeinek.","description":"<h3><strong>Le\u00edr\u00e1s<\/strong><\/h3>\n\n<p>A Ferrino Sierra Alfa h\u00e1tizs\u00e1k Cordura\u00ae 500D anyagb\u00f3l k\u00e9sz\u00fclt, amely tart\u00f3ss\u00e1g\u00e1r\u00f3l \u00e9s kop\u00e1s-, szakad\u00e1s- \u00e9s kop\u00e1s\u00e1ll\u00f3s\u00e1g\u00e1r\u00f3l ismert. Meger\u0151s\u00edtett lamin\u00e1lt sz\u00f6vetb\u0151l k\u00e9sz\u00fclt meger\u0151s\u00edt\u00e9sekkel is rendelkezik a tov\u00e1bbi szil\u00e1rds\u00e1g \u00e9rdek\u00e9ben.<\/p>\n\n<p>A h\u00e1tizs\u00e1k h\u00e1ts\u00f3 r\u00e9sze ergonomikus \u00e9s rendk\u00edv\u00fcl l\u00e9g\u00e1tereszt\u0151, h\u00e1l\u00f3s anyagb\u00f3l k\u00e9sz\u00fclt. Form\u00e1zott t\u00f6lt\u00e9ssel \u00e9s \"ACT\" n\u00e9ven ismert dupla intenzit\u00e1s\u00fa p\u00e1rn\u00e1z\u00e1ssal rendelkezik. A h\u00e1tat egy kivehet\u0151 bels\u0151 merev\u00edt\u0151vel ell\u00e1tott polietil\u00e9n panel t\u00e1masztja al\u00e1, amely jobb tehereloszt\u00e1st \u00e9s hordoz\u00e1si stabilit\u00e1st biztos\u00edt.<\/p>\n\n<p>A h\u00e1tizs\u00e1k sz\u00e1mos zsebet tartalmaz, p\u00e9ld\u00e1ul egy biztons\u00e1gi zsebet, egy dupla zsebet a fels\u0151 fed\u00e9lben \u00e9s egy j\u00e9gcs\u00e1k\u00e1nyszonda zsebet a belsej\u00e9ben.<\/p>\n\n<p>Sz\u00e1mos tartoz\u00e9kkal rendelkezik, t\u00f6bbek k\u00f6z\u00f6tt levehet\u0151 der\u00e9ksz\u00edjjal, cs\u00f6rl\u0151foganty\u00faval, meghosszabb\u00edthat\u00f3 f\u0151testtel, amely tov\u00e1bbi 5 literes kapacit\u00e1st biztos\u00edt, k\u00e9t j\u00e9gcs\u00e1k\u00e1nytart\u00f3val, egy oldals\u00f3 s\u00edtart\u00f3val, egy k\u00f6t\u00e9ltart\u00f3val, oldals\u00f3 \u00e9s el\u00fcls\u0151 kompresszi\u00f3s p\u00e1ntokkal, egy levehet\u0151 RECCO f\u00e9nyvisszaver\u0151vel \u00e9s egy levehet\u0151 combhevederrel, alum\u00ednium biztons\u00e1gi csatokkal.<\/p>\n\n<p>Ezen k\u00edv\u00fcl a h\u00e1tizs\u00e1k rendelkezik egy mellkasp\u00e1nttal integr\u00e1lt s\u00edppal, a h\u00e1tizs\u00e1k test\u00e9hez val\u00f3 el\u00fcls\u0151 hozz\u00e1f\u00e9r\u00e9ssel, felszerel\u00e9si hurokkal a h\u00e1ton bel\u00fcl, \u00f6sszecsukhat\u00f3 j\u00e9gcs\u00e1k\u00e1nytart\u00f3 hurokkal, f\u00e9nyvisszaver\u0151 szalagokkal, valamint meger\u0151s\u00edtett lamin\u00e1lt sz\u00f6vetb\u0151l k\u00e9sz\u00fclt als\u00f3 \u00e9s der\u00e9ksz\u00edjjal. Ezenk\u00edv\u00fcl n\u00e9vt\u00e1bl\u00e1t is tartalmaz, \u00e9s kompatibilis a H2 t\u00e1ska hidrat\u00e1ci\u00f3szab\u00e1lyoz\u00f3 rendszerrel. \u00dagy t\u0171nik, hogy ezt a h\u00e1tizs\u00e1kot a funkcionalit\u00e1sra \u00e9s a tart\u00f3ss\u00e1gra \u00f6sszpontos\u00edtva tervezt\u00e9k.<\/p>\n\n<ul>\n\t<li>S\u00faly MIN (kg\/g) 1,40 kg<\/li>\n\t<li>S\u00faly MAX (kg\/g) 1,85 kg<\/li>\n\t<li>Kapacit\u00e1s (l) 50 l<\/li>\n\t<li>M\u00e9retek (cm) 70x30x25 cm<\/li>\n<\/ul>","seo_title":"","seo_description":"","image_url":"https:\/\/storage-68travel.fra1.digitaloceanspaces.com\/images\/wp\/wp-content\/2023\/11\/2250.jpg","detail_image_url":"https:\/\/storage-68travel.fra1.digitaloceanspaces.com\/images\/wp\/wp-content\/2023\/11\/2250.jpg","category":{"uuid":"e8e913a9-59b5-43d7-97e5-8d120d0565bc","name":"H\u00e1tizs\u00e1kok","slug":"hatizsakok"},"brand":{"uuid":"145af3cb-1941-4afb-b52e-9c03c9701c22","name":"Ferrino","slug":"ferrino"},"currency":"HUF","retail_price":104000,"retail_price_discounted":80000,"sku":"8397","url":"https:\/\/www.68travel.hu\/termek\/ferrino-sierra-alfa-hatizsak"}